{"id":5168,"date":"2025-06-04T10:47:59","date_gmt":"2025-06-04T08:47:59","guid":{"rendered":"https:\/\/t-lem.com\/?p=5168"},"modified":"2025-06-04T20:10:06","modified_gmt":"2025-06-04T18:10:06","slug":"gala-zaprogramuj-warszawe-zaproszenie","status":"publish","type":"post","link":"https:\/\/t-lem.com\/pl\/gala-zaprogramuj-warszawe-zaproszenie\/","title":{"rendered":"Gala Zaprogramuj Warszaw\u0119 &#8211; zaproszenie"},"content":{"rendered":"\t\t<div data-elementor-type=\"wp-post\" data-elementor-id=\"5168\" class=\"elementor elementor-5168\" data-elementor-post-type=\"post\">\n\t\t\t\t\t\t<section class=\"elementor-section elementor-top-section elementor-element elementor-element-5b44904 elementor-section-boxed elementor-section-height-default elementor-section-height-default\" data-id=\"5b44904\" data-element_type=\"section\" data-e-type=\"section\" data-settings=\"{&quot;jet_parallax_layout_list&quot;:[]}\">\n\t\t\t\t\t\t<div class=\"elementor-container elementor-column-gap-default\">\n\t\t\t\t\t<div class=\"elementor-column elementor-col-100 elementor-top-column elementor-element elementor-element-22399ef\" data-id=\"22399ef\" data-element_type=\"column\" data-e-type=\"column\">\n\t\t\t<div class=\"elementor-widget-wrap elementor-element-populated\">\n\t\t\t\t\t\t<div class=\"elementor-element elementor-element-4dbd945 elementor-widget elementor-widget-image\" data-id=\"4dbd945\" data-element_type=\"widget\" data-e-type=\"widget\" data-widget_type=\"image.default\">\n\t\t\t\t<div class=\"elementor-widget-container\">\n\t\t\t\t\t\t\t\t\t\t\t\t\t\t\t<img fetchpriority=\"high\" decoding=\"async\" width=\"1024\" height=\"221\" src=\"https:\/\/t-lem.com\/wp-content\/uploads\/2025\/05\/IMG_1121-1024x221.jpeg\" class=\"attachment-large size-large wp-image-5136\" alt=\"\" srcset=\"https:\/\/t-lem.com\/wp-content\/uploads\/2025\/05\/IMG_1121-1024x221.jpeg 1024w, https:\/\/t-lem.com\/wp-content\/uploads\/2025\/05\/IMG_1121-300x65.jpeg 300w, https:\/\/t-lem.com\/wp-content\/uploads\/2025\/05\/IMG_1121-768x166.jpeg 768w, https:\/\/t-lem.com\/wp-content\/uploads\/2025\/05\/IMG_1121-1536x332.jpeg 1536w, https:\/\/t-lem.com\/wp-content\/uploads\/2025\/05\/IMG_1121-2048x442.jpeg 2048w, https:\/\/t-lem.com\/wp-content\/uploads\/2025\/05\/IMG_1121-600x130.jpeg 600w\" sizes=\"(max-width: 1024px) 100vw, 1024px\">\t\t\t\t\t\t\t\t\t\t\t\t\t\t\t<\/div>\n\t\t\t\t<\/div>\n\t\t\t\t\t<\/div>\n\t\t<\/div>\n\t\t\t\t\t<\/div>\n\t\t<\/section>\n\t\t\t\t<section class=\"elementor-section elementor-top-section elementor-element elementor-element-9fc932b elementor-section-boxed elementor-section-height-default elementor-section-height-default\" data-id=\"9fc932b\" data-element_type=\"section\" data-e-type=\"section\" data-settings=\"{&quot;jet_parallax_layout_list&quot;:[]}\">\n\t\t\t\t\t\t<div class=\"elementor-container elementor-column-gap-default\">\n\t\t\t\t\t<div class=\"elementor-column elementor-col-100 elementor-top-column elementor-element elementor-element-062ac7b\" data-id=\"062ac7b\" data-element_type=\"column\" data-e-type=\"column\">\n\t\t\t<div class=\"elementor-widget-wrap elementor-element-populated\">\n\t\t\t\t\t\t<div class=\"elementor-element elementor-element-d5c2af4 elementor-widget elementor-widget-text-editor\" data-id=\"d5c2af4\" data-element_type=\"widget\" data-e-type=\"widget\" data-widget_type=\"text-editor.default\">\n\t\t\t\t<div class=\"elementor-widget-container\">\n\t\t\t\t\t\t\t\t\t<p><b>9 czerwca 2025 r., godz. 12.00, miejsce: I Liceum Og\u00f3lnokszta\u0142c\u0105ce im. Boles\u0142awa Limanowskiego, ul. Feli\u0144skiego 15<\/b><\/p>\t\t\t\t\t\t\t\t<\/div>\n\t\t\t\t<\/div>\n\t\t\t\t\t<\/div>\n\t\t<\/div>\n\t\t\t\t\t<\/div>\n\t\t<\/section>\n\t\t\t\t<section class=\"elementor-section elementor-top-section elementor-element elementor-element-82515a6 elementor-section-boxed elementor-section-height-default elementor-section-height-default\" data-id=\"82515a6\" data-element_type=\"section\" data-e-type=\"section\" data-settings=\"{&quot;jet_parallax_layout_list&quot;:[]}\">\n\t\t\t\t\t\t<div class=\"elementor-container elementor-column-gap-default\">\n\t\t\t\t\t<div class=\"elementor-column elementor-col-100 elementor-top-column elementor-element elementor-element-c334a81\" data-id=\"c334a81\" data-element_type=\"column\" data-e-type=\"column\">\n\t\t\t<div class=\"elementor-widget-wrap elementor-element-populated\">\n\t\t\t\t\t\t<div class=\"elementor-element elementor-element-b7ffcad elementor-widget elementor-widget-image\" data-id=\"b7ffcad\" data-element_type=\"widget\" data-e-type=\"widget\" data-widget_type=\"image.default\">\n\t\t\t\t<div class=\"elementor-widget-container\">\n\t\t\t\t\t\t\t\t\t\t\t\t\t\t\t<img decoding=\"async\" width=\"1024\" height=\"385\" src=\"https:\/\/t-lem.com\/wp-content\/uploads\/2025\/06\/tlo_do_zaproszen-01-1024x385.png\" class=\"attachment-large size-large wp-image-5170\" alt=\"\" srcset=\"https:\/\/t-lem.com\/wp-content\/uploads\/2025\/06\/tlo_do_zaproszen-01-1024x385.png 1024w, https:\/\/t-lem.com\/wp-content\/uploads\/2025\/06\/tlo_do_zaproszen-01-300x113.png 300w, https:\/\/t-lem.com\/wp-content\/uploads\/2025\/06\/tlo_do_zaproszen-01-768x289.png 768w, https:\/\/t-lem.com\/wp-content\/uploads\/2025\/06\/tlo_do_zaproszen-01-1536x578.png 1536w, https:\/\/t-lem.com\/wp-content\/uploads\/2025\/06\/tlo_do_zaproszen-01-2048x771.png 2048w, https:\/\/t-lem.com\/wp-content\/uploads\/2025\/06\/tlo_do_zaproszen-01-600x226.png 600w\" sizes=\"(max-width: 1024px) 100vw, 1024px\">\t\t\t\t\t\t\t\t\t\t\t\t\t\t\t<\/div>\n\t\t\t\t<\/div>\n\t\t\t\t\t<\/div>\n\t\t<\/div>\n\t\t\t\t\t<\/div>\n\t\t<\/section>\n\t\t\t\t<section class=\"elementor-section elementor-top-section elementor-element elementor-element-3d2cad4 elementor-section-boxed elementor-section-height-default elementor-section-height-default\" data-id=\"3d2cad4\" data-element_type=\"section\" data-e-type=\"section\" data-settings=\"{&quot;jet_parallax_layout_list&quot;:[]}\">\n\t\t\t\t\t\t<div class=\"elementor-container elementor-column-gap-default\">\n\t\t\t\t\t<div class=\"elementor-column elementor-col-100 elementor-top-column elementor-element elementor-element-8f0ec40\" data-id=\"8f0ec40\" data-element_type=\"column\" data-e-type=\"column\">\n\t\t\t<div class=\"elementor-widget-wrap elementor-element-populated\">\n\t\t\t\t\t\t<div class=\"elementor-element elementor-element-cf35331 elementor-widget__width-inherit elementor-widget elementor-widget-text-editor\" data-id=\"cf35331\" data-element_type=\"widget\" data-e-type=\"widget\" data-widget_type=\"text-editor.default\">\n\t\t\t\t<div class=\"elementor-widget-container\">\n\t\t\t\t\t\t\t\t\t<div class=\"wp-block-image\"><img decoding=\"async\" class=\"alignright wp-image-5145 size-medium\" src=\"https:\/\/t-lem.com\/wp-content\/uploads\/2025\/05\/IMG_1124-300x242.png\" alt=\"\" width=\"300\" height=\"242\" srcset=\"https:\/\/t-lem.com\/wp-content\/uploads\/2025\/05\/IMG_1124-300x242.png 300w, https:\/\/t-lem.com\/wp-content\/uploads\/2025\/05\/IMG_1124-1024x827.png 1024w, https:\/\/t-lem.com\/wp-content\/uploads\/2025\/05\/IMG_1124-768x620.png 768w, https:\/\/t-lem.com\/wp-content\/uploads\/2025\/05\/IMG_1124-1536x1241.png 1536w, https:\/\/t-lem.com\/wp-content\/uploads\/2025\/05\/IMG_1124-600x485.png 600w, https:\/\/t-lem.com\/wp-content\/uploads\/2025\/05\/IMG_1124.png 1978w\" sizes=\"(max-width: 300px) 100vw, 300px\" \/><\/div>\n<p>Kolejny raz warszawscy uczniowie i nauczyciele mieli okazj\u0119 wzi\u0105\u0107 udzia\u0142 w programie podnoszenia kompetencji informatycznych z wykorzystaniem platformy Liga Niezwyk\u0142ych Umys\u0142\u00f3w. Wyniki s\u0105 fantastyczne &#8211; uczestnicy rozwi\u0105zali ponad 360 tysi\u0119cy praktycznych zada\u0144 w j\u0119zykach Python, C++, Java, HTML\/CSS\/JS, SQL!<\/p><p>Biuro Edukacji Urz\u0119du Miasta Sto\u0142ecznego Warszawy, Warszawskie Centrum Innowacji Edukacyjno-Spo\u0142ecznych i Szkole\u0144, oraz Fundacja Liga Niezwyk\u0142ych Umys\u0142\u00f3w maj\u0105 zaszczyt zaprosi\u0107 na uroczyste zako\u0144czenie projektu, kt\u00f3re odb\u0119dzie si\u0119 w poniedzia\u0142ek,&nbsp;<span style=\"font-weight: 700;\">9 czerwca 2025 r. o godz. 12.00 w I Liceum Og\u00f3lnokszta\u0142c\u0105cym im. Boles\u0142awa Limanowskiego, ul. Alojzego Feli\u0144skiego 15, 01-513 Warszawa.<\/span><\/p>\t\t\t\t\t\t\t\t<\/div>\n\t\t\t\t<\/div>\n\t\t\t\t\t<\/div>\n\t\t<\/div>\n\t\t\t\t\t<\/div>\n\t\t<\/section>\n\t\t\t\t<section class=\"elementor-section elementor-top-section elementor-element elementor-element-5907c11 elementor-section-boxed elementor-section-height-default elementor-section-height-default\" data-id=\"5907c11\" data-element_type=\"section\" data-e-type=\"section\" data-settings=\"{&quot;jet_parallax_layout_list&quot;:[]}\">\n\t\t\t\t\t\t<div class=\"elementor-container elementor-column-gap-default\">\n\t\t\t\t\t<div class=\"elementor-column elementor-col-33 elementor-top-column elementor-element elementor-element-22b1dfe\" data-id=\"22b1dfe\" data-element_type=\"column\" data-e-type=\"column\">\n\t\t\t<div class=\"elementor-widget-wrap elementor-element-populated\">\n\t\t\t\t\t\t<section class=\"elementor-section elementor-inner-section elementor-element elementor-element-f9cf053 elementor-section-boxed elementor-section-height-default elementor-section-height-default\" data-id=\"f9cf053\" data-element_type=\"section\" data-e-type=\"section\" data-settings=\"{&quot;jet_parallax_layout_list&quot;:[]}\">\n\t\t\t\t\t\t<div class=\"elementor-container elementor-column-gap-default\">\n\t\t\t\t\t<div class=\"elementor-column elementor-col-100 elementor-inner-column elementor-element elementor-element-88136f9\" data-id=\"88136f9\" data-element_type=\"column\" data-e-type=\"column\">\n\t\t\t<div class=\"elementor-widget-wrap elementor-element-populated\">\n\t\t\t\t\t\t<div class=\"elementor-element elementor-element-2255645 elementor-widget elementor-widget-image\" data-id=\"2255645\" data-element_type=\"widget\" data-e-type=\"widget\" data-widget_type=\"image.default\">\n\t\t\t\t<div class=\"elementor-widget-container\">\n\t\t\t\t\t\t\t\t\t\t\t\t\t\t\t<img loading=\"lazy\" decoding=\"async\" width=\"1024\" height=\"704\" src=\"https:\/\/t-lem.com\/wp-content\/uploads\/2025\/05\/IMG_1126-1024x704.jpeg\" class=\"attachment-large size-large wp-image-5149\" alt=\"\" srcset=\"https:\/\/t-lem.com\/wp-content\/uploads\/2025\/05\/IMG_1126-1024x704.jpeg 1024w, https:\/\/t-lem.com\/wp-content\/uploads\/2025\/05\/IMG_1126-300x206.jpeg 300w, https:\/\/t-lem.com\/wp-content\/uploads\/2025\/05\/IMG_1126-768x528.jpeg 768w, https:\/\/t-lem.com\/wp-content\/uploads\/2025\/05\/IMG_1126-1536x1056.jpeg 1536w, https:\/\/t-lem.com\/wp-content\/uploads\/2025\/05\/IMG_1126-2048x1408.jpeg 2048w, https:\/\/t-lem.com\/wp-content\/uploads\/2025\/05\/IMG_1126-600x413.jpeg 600w\" sizes=\"(max-width: 1024px) 100vw, 1024px\">\t\t\t\t\t\t\t\t\t\t\t\t\t\t\t<\/div>\n\t\t\t\t<\/div>\n\t\t\t\t\t<\/div>\n\t\t<\/div>\n\t\t\t\t\t<\/div>\n\t\t<\/section>\n\t\t\t\t<div class=\"elementor-element elementor-element-1b120dc elementor-widget elementor-widget-image\" data-id=\"1b120dc\" data-element_type=\"widget\" data-e-type=\"widget\" data-widget_type=\"image.default\">\n\t\t\t\t<div class=\"elementor-widget-container\">\n\t\t\t\t\t\t\t\t\t\t\t\t\t\t\t<img loading=\"lazy\" decoding=\"async\" width=\"1024\" height=\"627\" src=\"https:\/\/t-lem.com\/wp-content\/uploads\/2025\/05\/IMG_1125-1024x627.jpeg\" class=\"attachment-large size-large wp-image-5153\" alt=\"\" srcset=\"https:\/\/t-lem.com\/wp-content\/uploads\/2025\/05\/IMG_1125-1024x627.jpeg 1024w, https:\/\/t-lem.com\/wp-content\/uploads\/2025\/05\/IMG_1125-300x184.jpeg 300w, https:\/\/t-lem.com\/wp-content\/uploads\/2025\/05\/IMG_1125-768x471.jpeg 768w, https:\/\/t-lem.com\/wp-content\/uploads\/2025\/05\/IMG_1125-1536x941.jpeg 1536w, https:\/\/t-lem.com\/wp-content\/uploads\/2025\/05\/IMG_1125-600x368.jpeg 600w, https:\/\/t-lem.com\/wp-content\/uploads\/2025\/05\/IMG_1125.jpeg 1637w\" sizes=\"(max-width: 1024px) 100vw, 1024px\">\t\t\t\t\t\t\t\t\t\t\t\t\t\t\t<\/div>\n\t\t\t\t<\/div>\n\t\t\t\t\t<\/div>\n\t\t<\/div>\n\t\t\t\t<div class=\"elementor-column elementor-col-66 elementor-top-column elementor-element elementor-element-ffec44d\" data-id=\"ffec44d\" data-element_type=\"column\" data-e-type=\"column\">\n\t\t\t<div class=\"elementor-widget-wrap elementor-element-populated\">\n\t\t\t\t\t\t<div class=\"elementor-element elementor-element-7f5e6ad elementor-widget elementor-widget-text-editor\" data-id=\"7f5e6ad\" data-element_type=\"widget\" data-e-type=\"widget\" data-widget_type=\"text-editor.default\">\n\t\t\t\t<div class=\"elementor-widget-container\">\n\t\t\t\t\t\t\t\t\t<p>W trakcie Gali mn\u00f3stwo atrakcji:<\/p><ul><li>prelekcja: \u201ePo\u0142\u0105czenie RAG i VR na przyk\u0142adzie wirtualnego pracownika firmy\u201d, S\u0142awek Kulikowski, Head of Innovation w firmie Atos<\/li><li>du\u017cynowy Hackathon na \u017cywo dla 5 najlepszych szk\u00f3\u0142 podstawowych i 5 najlepszych szk\u00f3\u0142 ponadpodstawowyc<\/li><li>Kahoot Challenge &#8211; otwarty konkurs z nagrodami<\/li><li>podsumowanie projektu z bie\u017c\u0105cego roku szkolnego<\/li><li>wr\u0119czenie nagr\u00f3d i wyr\u00f3\u017cnie\u0144 za osi\u0105gni\u0119cia indywidualne i szkolne<\/li><\/ul>\t\t\t\t\t\t\t\t<\/div>\n\t\t\t\t<\/div>\n\t\t\t\t\t<\/div>\n\t\t<\/div>\n\t\t\t\t\t<\/div>\n\t\t<\/section>\n\t\t\t\t<section class=\"elementor-section elementor-top-section elementor-element elementor-element-f2316d0 elementor-section-boxed elementor-section-height-default elementor-section-height-default\" data-id=\"f2316d0\" data-element_type=\"section\" data-e-type=\"section\" data-settings=\"{&quot;jet_parallax_layout_list&quot;:[]}\">\n\t\t\t\t\t\t<div class=\"elementor-container elementor-column-gap-default\">\n\t\t\t\t\t<div class=\"elementor-column elementor-col-100 elementor-top-column elementor-element elementor-element-75d5056\" data-id=\"75d5056\" data-element_type=\"column\" data-e-type=\"column\">\n\t\t\t<div class=\"elementor-widget-wrap elementor-element-populated\">\n\t\t\t\t\t\t<div class=\"elementor-element elementor-element-7c411e7 elementor-widget elementor-widget-text-editor\" data-id=\"7c411e7\" data-element_type=\"widget\" data-e-type=\"widget\" data-widget_type=\"text-editor.default\">\n\t\t\t\t<div class=\"elementor-widget-container\">\n\t\t\t\t\t\t\t\t\t<p>oraz ciekawe spotkania i rozmowy przy kawie i ciastku (a mo\u017ce i kanapce) \ud83d\ude42<\/p>\t\t\t\t\t\t\t\t<\/div>\n\t\t\t\t<\/div>\n\t\t\t\t\t<\/div>\n\t\t<\/div>\n\t\t\t\t\t<\/div>\n\t\t<\/section>\n\t\t\t\t<\/div>\n\t\t","protected":false},"excerpt":{"rendered":"<p>9 czerwca 2025 r., godz. 12.00, miejsce: I Liceum Og\u00f3lnokszta\u0142c\u0105ce im. Boles\u0142awa Limanowskiego, ul. Feli\u0144skiego 15 Kolejny raz warszawscy uczniowie i nauczyciele mieli okazj\u0119 wzi\u0105\u0107 udzia\u0142 w programie podnoszenia kompetencji informatycznych z wykorzystaniem platformy Liga Niezwyk\u0142ych Umys\u0142\u00f3w. Wyniki s\u0105 fantastyczne &#8211; uczestnicy rozwi\u0105zali ponad 360 tysi\u0119cy praktycznych zada\u0144 w j\u0119zykach Python, C++, Java, HTML\/CSS\/JS, SQL! [&hellip;]<\/p>\n","protected":false},"author":6,"featured_media":5198,"comment_status":"open","ping_status":"open","sticky":false,"template":"","format":"standard","meta":{"_acf_changed":false,"inline_featured_image":false,"site-sidebar-layout":"default","site-content-layout":"","ast-site-content-layout":"default","site-content-style":"default","site-sidebar-style":"default","ast-global-header-display":"","ast-banner-title-visibility":"","ast-main-header-display":"","ast-hfb-above-header-display":"","ast-hfb-below-header-display":"","ast-hfb-mobile-header-display":"","site-post-title":"","ast-breadcrumbs-content":"","ast-featured-img":"","footer-sml-layout":"","ast-disable-related-posts":"","theme-transparent-header-meta":"","adv-header-id-meta":"","stick-header-meta":"","header-above-stick-meta":"","header-main-stick-meta":"","header-below-stick-meta":"","astra-migrate-meta-layouts":"set","ast-page-background-enabled":"default","ast-page-background-meta":{"desktop":{"background-color":"","background-image":"","background-repeat":"repeat","background-position":"center center","background-size":"auto","background-attachment":"scroll","background-type":"","background-media":"","overlay-type":"","overlay-color":"","overlay-opacity":"","overlay-gradient":""},"tablet":{"background-color":"","background-image":"","background-repeat":"repeat","background-position":"center center","background-size":"auto","background-attachment":"scroll","background-type":"","background-media":"","overlay-type":"","overlay-color":"","overlay-opacity":"","overlay-gradient":""},"mobile":{"background-color":"","background-image":"","background-repeat":"repeat","background-position":"center center","background-size":"auto","background-attachment":"scroll","background-type":"","background-media":"","overlay-type":"","overlay-color":"","overlay-opacity":"","overlay-gradient":""}},"ast-content-background-meta":{"desktop":{"background-color":"var(--ast-global-color-5)","background-image":"","background-repeat":"repeat","background-position":"center center","background-size":"auto","background-attachment":"scroll","background-type":"","background-media":"","overlay-type":"","overlay-color":"","overlay-opacity":"","overlay-gradient":""},"tablet":{"background-color":"var(--ast-global-color-5)","background-image":"","background-repeat":"repeat","background-position":"center center","background-size":"auto","background-attachment":"scroll","background-type":"","background-media":"","overlay-type":"","overlay-color":"","overlay-opacity":"","overlay-gradient":""},"mobile":{"background-color":"var(--ast-global-color-5)","background-image":"","background-repeat":"repeat","background-position":"center center","background-size":"auto","background-attachment":"scroll","background-type":"","background-media":"","overlay-type":"","overlay-color":"","overlay-opacity":"","overlay-gradient":""}},"footnotes":""},"categories":[72],"tags":[141,142,144,145],"class_list":["post-5168","post","type-post","status-publish","format-standard","has-post-thumbnail","hentry","category-aktualnosci","tag-gala","tag-liga-niezwyklych-umyslow","tag-warszawa","tag-zaprogramuj-warszawe"],"acf":[],"_links":{"self":[{"href":"https:\/\/t-lem.com\/pl\/wp-json\/wp\/v2\/posts\/5168","targetHints":{"allow":["GET"]}}],"collection":[{"href":"https:\/\/t-lem.com\/pl\/wp-json\/wp\/v2\/posts"}],"about":[{"href":"https:\/\/t-lem.com\/pl\/wp-json\/wp\/v2\/types\/post"}],"author":[{"embeddable":true,"href":"https:\/\/t-lem.com\/pl\/wp-json\/wp\/v2\/users\/6"}],"replies":[{"embeddable":true,"href":"https:\/\/t-lem.com\/pl\/wp-json\/wp\/v2\/comments?post=5168"}],"version-history":[{"count":13,"href":"https:\/\/t-lem.com\/pl\/wp-json\/wp\/v2\/posts\/5168\/revisions"}],"predecessor-version":[{"id":5205,"href":"https:\/\/t-lem.com\/pl\/wp-json\/wp\/v2\/posts\/5168\/revisions\/5205"}],"wp:featuredmedia":[{"embeddable":true,"href":"https:\/\/t-lem.com\/pl\/wp-json\/wp\/v2\/media\/5198"}],"wp:attachment":[{"href":"https:\/\/t-lem.com\/pl\/wp-json\/wp\/v2\/media?parent=5168"}],"wp:term":[{"taxonomy":"category","embeddable":true,"href":"https:\/\/t-lem.com\/pl\/wp-json\/wp\/v2\/categories?post=5168"},{"taxonomy":"post_tag","embeddable":true,"href":"https:\/\/t-lem.com\/pl\/wp-json\/wp\/v2\/tags?post=5168"}],"curies":[{"name":"wp","href":"https:\/\/api.w.org\/{rel}","templated":true}]}}